{"id":2027,"date":"2023-01-18T12:32:15","date_gmt":"2023-01-18T11:32:15","guid":{"rendered":"https:\/\/www.gotthardotthon.hu\/?p=2027"},"modified":"2023-01-18T12:35:53","modified_gmt":"2023-01-18T11:35:53","slug":"idosek-napja","status":"publish","type":"post","link":"https:\/\/www.gotthardotthon.hu\/?p=2027","title":{"rendered":"Id\u0151sek napja"},"content":{"rendered":"\n<p>1991-ben rendezt\u00e9k meg el\u0151sz\u00f6r az id\u0151sek vil\u00e1gnapj\u00e1t, az\u00f3ta minden \u00e9v okt\u00f3ber els\u0151 h\u00e9tf\u0151j\u00e9n eml\u00e9kez\u00fcnk meg a k\u00f6rnyezet\u00fcnkben \u00e9l\u0151 sz\u00e9pkor\u00faakr\u00f3l.<br>Ennek megfelel\u0151en int\u00e9zm\u00e9ny\u00fcnkben is m\u00e1r hagyom\u00e1nny\u00e1 v\u00e1lt, hogy \u00e9vente egy alkalommal \u00fcnneps\u00e9get rendez\u00fcnk az\u00e9rt, hogy kifejezz\u00fck h\u00e1l\u00e1nkat, tisztelet\u00fcnket \u00e9s megbecs\u00fcl\u00e9s\u00fcnket azon lak\u00f3k ir\u00e1nt, akik hossz\u00fa \u00e9let munk\u00e1j\u00e1t, tapasztalatait tudj\u00e1k maguk m\u00f6g\u00f6tt. Az \u00fcnneps\u00e9g ideje alatt a k\u00f6sz\u00f6nt\u0151besz\u00e9det k\u00f6vet\u0151en t\u00f6bb vers is elhangzott, valamint \u00f6r\u00f6kz\u00f6ld dallamok csend\u00fcltek fel. Z\u00e1r\u00e1sk\u00e9nt az \u00fcnnepelteket \u00e9s a m\u0171sorban szerepl\u0151 ell\u00e1tottakat is megvend\u00e9gelt\u00fck. A meggyes-van\u00edli\u00e1s pudingot j\u00f3 \u00e9tv\u00e1ggyal fogyasztott\u00e1k el. Az \u00fcnnepl\u00e9s j\u00f3 hangulatban telt.<br>Z\u00e1r\u00f3 gondolatk\u00e9nt az id\u0151skor k\u00fcl\u00f6nlegess\u00e9g\u00e9t egy r\u00f6vidke kis p\u00e1rbesz\u00e9d seg\u00edts\u00e9g\u00e9vel mutatn\u00e1m be.<\/p>\n\n\n\n<blockquote class=\"wp-block-quote is-layout-flow wp-block-quote-is-layout-flow\">\n<p>Egy este egy unoka a nagyapj\u00e1val besz\u00e9lgetett, egyszer csak hirtelen megk\u00e9rdezte: <\/p>\n\n\n\n<p>&#8211; Nagyapa, h\u00e1ny \u00e9ves is vagy? <\/p>\n\n\n\n<p>A nagyapa \u00edgy v\u00e1laszolt: <\/p>\n\n\n\n<p>&#8211; Hadd gondolkozzam egy kicsit! A telev\u00edzi\u00f3, a gyermekb\u00e9nul\u00e1s elleni v\u00e9d\u0151olt\u00e1s, a f\u00e9nym\u00e1sol\u00f3 g\u00e9p, a kontaktlencse \u00e9s a fogamz\u00e1sg\u00e1tl\u00f3 tabletta el\u0151tt sz\u00fclettem. Nem volt m\u00e9g radar, hitelk\u00e1rtya, l\u00e9zersug\u00e1r \u00e9s pengekorcsolya. M\u00e9g nem tal\u00e1lt\u00e1k fel a l\u00e9gkondicion\u00e1l\u00f3t, a mosogat\u00f3g\u00e9pet, a sz\u00e1r\u00edt\u00f3g\u00e9pet (a ruh\u00e1t egyszer\u0171en kitett\u00e9k sz\u00e1radni a friss leveg\u0151re). Az ember m\u00e9g nem l\u00e9pett a Holdra, \u00e9s nem l\u00e9teztek sug\u00e1rhajt\u00e1s\u00fa utassz\u00e1ll\u00edt\u00f3 rep\u00fcl\u0151g\u00e9pek. Nagyany\u00e1d \u00e9s \u00e9n \u00f6sszeh\u00e1zasodtunk \u00e9s azut\u00e1n egy\u00fctt \u00e9lt\u00fcnk, \u00e9s minden csal\u00e1dban volt apuka \u00e9s anyuka. \u00c9n a sz\u00e1m\u00edt\u00f3g\u00e9p, a k\u00e9tszakos egyetemi k\u00e9pz\u00e9s \u00e9s a csoportter\u00e1pia el\u0151tt sz\u00fclettem. Az emberek nem analiz\u00e1ltatt\u00e1k magukat, legfeljebb amikor az orvos v\u00e9r- vagy vizeletvizsg\u00e1latra k\u00fcldte \u0151ket.  25 \u00e9ves koromig minden rend\u0151rt \u00e9s f\u00e9rfit &#8216;uram&#8217;-nak sz\u00f3l\u00edtottam, minden n\u0151t pedig &#8216;asszonyom&#8217;-nak vagy &#8216;kisasszony&#8217;-nak. P\u00e1rjuk a galamboknak \u00e9s a nyulaknak volt, de nem az embereknek. Az \u00e9n id\u0151mben, ha egy h\u00f6lgy felsz\u00e1llt az aut\u00f3buszra vagy a villamosra, a gyerekek \u00e9s a fiatalok mindenki m\u00e1sn\u00e1l hamarabb \u00e1lltak fel, hogy \u00e1tadj\u00e1k neki a hely\u00fcket, de ha \u00e1llapotos volt, a hely\u00e9re k\u00eds\u00e9rt\u00e9k \u00e9s \u2013 ha kellett &#8211; megv\u00e1ltott\u00e1k a jegy\u00e9t \u00e9s odavitt\u00e9k neki. A n\u0151 els\u0151k\u00e9nt l\u00e9pett ki az ajt\u00f3n. Al\u00e1tolt\u00e1k a sz\u00e9ket, hogy le\u00fclhessen. Egy f\u00e9rfi sosem \u00fcdv\u00f6z\u00f6lt \u00fagy egy n\u0151t, hogy ne \u00e1llt volna fel, ha \u00e9ppen \u00fclt, kinyitotta el\u0151tte az aut\u00f3 vagy b\u00e1rmi m\u00e1s ajtaj\u00e1t, \u00e9s a f\u00e9rfi seg\u00edtett neki levenni a kab\u00e1tj\u00e1t. Az \u00e9n id\u0151mben a sz\u00fczess\u00e9g nem okozott r\u00e1kot, \u00e9s a csal\u00e1di er\u00e9ny bizony\u00edt\u00e9ka volt a l\u00e1ny tisztas\u00e1ga a f\u00e9rj sz\u00e1m\u00e1ra. A mi \u00e9let\u00fcnket a t\u00edzparancsolat, a j\u00f3zan \u00e9sz, az id\u0151sebbek \u00e9s az \u00e9rv\u00e9nyes t\u00f6rv\u00e9nyek tisztelete szab\u00e1lyozta. Benn\u00fcnket megtan\u00edtottak arra, hogy k\u00fcl\u00f6nbs\u00e9get tegy\u00fcnk j\u00f3 \u00e9s rossz k\u00f6z\u00f6tt, \u00e9s hogy felel\u0151sek vagyunk tetteink\u00e9rt \u00e9s k\u00f6vetkezm\u00e9nyeik\u00e9rt. A komoly kapcsolat azt jelentette, hogy j\u00f3ban voltunk unokatestv\u00e9rekkel \u00e9s bar\u00e1tokkal. Ismeretlen volt a vezet\u00e9k n\u00e9lk\u00fcli telefon, a mobiltelefonr\u00f3l nem is besz\u00e9lve. Sosem hallottunk sztere\u00f3 zen\u00e9r\u0151l, URH r\u00e1di\u00f3r\u00f3l, kazett\u00e1kr\u00f3l, CD-r\u0151l, DVD-r\u0151l, sz\u00e1mol\u00f3g\u00e9pekr\u0151l. A &#8216;notebook&#8217; jegyzetf\u00fczet volt. Az \u00f3r\u00e1kat naponta felh\u00fazt\u00e1k. Semmi digit\u00e1lis nem l\u00e9tezett, sem \u00f3r\u00e1k, sem vil\u00e1g\u00edt\u00f3 sz\u00e1mos kijelz\u0151k a h\u00e1ztart\u00e1si g\u00e9peken. G\u00e9pekn\u00e9l tartva: nem voltak p\u00e9nzkiad\u00f3 automat\u00e1k, se mikrohull\u00e1m\u00fa s\u00fct\u0151k, se \u00e9breszt\u0151\u00f3r\u00e1s r\u00e1di\u00f3k. Hogy videomagn\u00f3kr\u00f3l \u00e9s videokamer\u00e1kr\u00f3l ne is besz\u00e9lj\u00fcnk. Nem l\u00e9teztek azonnal el\u0151h\u00edvott sz\u00ednes f\u00e9nyk\u00e9pek. Csak fekete-feh\u00e9r k\u00e9pek voltak, el\u0151h\u00edv\u00e1suk \u00e9s m\u00e1sol\u00e1suk t\u00f6bb mint 3 napig tartott. Sz\u00ednes k\u00e9pek nem l\u00e9teztek. Nem hallottunk McDonald&#8217;sr\u00f3l, se az instant k\u00e1v\u00e9r\u00f3l, se a mesters\u00e9ges \u00e9des\u00edt\u0151kr\u0151l. Az \u00e9n id\u0151mben a f\u0171 olyasmit jelentett, amit ny\u00edrtak, nem sz\u00edvtak. Mi voltunk az utols\u00f3 nemzed\u00e9k, amely azt hitte, hogy egy asszonynak f\u00e9rjre van sz\u00fcks\u00e9ge ahhoz, hogy gyereke legyen. \u00c9s most mondd, szerinted h\u00e1ny \u00e9ves vagyok! <\/p>\n\n\n\n<p>&#8211; H\u00e1t, nagyap\u00f3, biztosan t\u00f6bb, mint 200! &#8211; felelt az unoka. <\/p>\n\n\n\n<p>&#8211; Nem, kedvesem, csak 60!<\/p>\n<\/blockquote>\n\n\n\n<h2 class=\"wp-block-heading\">Miniska Zsejke: Az \u00f6r\u00f6k fiatals\u00e1g<\/h2>\n\n\n\n<pre class=\"wp-block-verse\">Az id\u0151\u2026az id\u0151 csod\u00e1kat m\u0171vel,\r\nSebeket gy\u00f3gy\u00edt, b\u00e1natot k\u00fcld el,\r\n\u00daj h\u00f3napot, \u00e9vet, \u00e9vszakot hoz,\r\nSzomor\u00fas\u00e1got vagy \u00f6r\u00f6met okoz.\r\nAz id\u0151 m\u00falik, de kit zavar?\r\nMi\u00e9rt ne m\u00falhatna, ha akar?\r\nHisz mindig ragyog majd napsug\u00e1r,\r\nS Id\u0151t\u0151l f\u00fcggetlen\u00fcl \u00e9nekel a kismad\u00e1r.\r\nM\u00faljon az id\u0151, engem nem zavar,\r\nM\u00faljon csak, m\u00faljon, ha akar.\r\nAz id\u0151, mint egy dr\u00e1gak\u0151,\r\nMint a boldogs\u00e1g, csak elj\u0151.\r\nEgyform\u00e1n sz\u00e9p minden kor,\r\nMert mind az \u00e9letr\u0151l sz\u00f3l,\r\nMindegy, hogy id\u0151s vagy fiatal,\r\nCsendes, vagy er\u0151s a zivatar.\r\nHisz a fiatals\u00e1g el nem m\u00falhat,\r\nEz egy \u00f6r\u00f6k igazs\u00e1g, mit mindenki tudhat.\r\nA fiatals\u00e1g minden embernek megmarad l\u00e9lekben,\r\nCsak t\u00f6bb tapasztalata lesz az \u00e9letben.\r\n\r\n\r\nA lelki fiatals\u00e1g nem a gyerekek\u00e9,\r\nHanem csak a j\u00f3 emberek\u00e9,\r\nHi\u00e1ba id\u0151s a boldog ember,\r\nHa rendelkezik ugyanannyi \u00e9letkedvvel.\r\n\u00c1t\u00e9ltek m\u00e1r sokf\u00e9le rendszert, rengeteget,\r\nMegismert\u00e9k a k\u00fcl\u00f6nb\u00f6z\u0151 ,,embereket\u201d.\r\nAz id\u0151 csod\u00e1latos, az id\u0151 tapasztalat,\r\nDe lelk\u00e9ben az ember mindig fiatal marad.\r\nOly csod\u00e1s mikor \u00faj \u00e9letet adhat,\r\nMikor egy kis unok\u00e1t kaphat,\r\nMindezt az id\u0151 teszi lehet\u0151v\u00e9,\r\nDe nem tehet\u0151 minden\u00e9rt felel\u0151ss\u00e9.\r\nP\u00e9ldak\u00e9p\u00fcl szolg\u00e1lni az el\u0151z\u0151 nemzed\u00e9knek,\r\nOlyan embernek lenni, kire feln\u00e9znek,\r\nUtat, c\u00e9lt, j\u00f6v\u0151t mutatni a gyerekeknek,\r\nKomoly feladat ez az id\u0151s embereknek.\r\nS hogy mekkora boldogs\u00e1g, id\u0151snek lenni,\r\nC\u00e9lokat az \u00e9letben megval\u00f3s\u00edtani,\r\nNem kell m\u00e1s, egy kis id\u0151 csak\r\nMegmutatni az utat a fiataloknak.<\/pre>\n\n\n\n<p>O. E.<\/p>\n","protected":false},"excerpt":{"rendered":"<p>1991-ben rendezt\u00e9k meg el\u0151sz\u00f6r az id\u0151sek vil\u00e1gnapj\u00e1t, az\u00f3ta minden \u00e9v okt\u00f3ber els\u0151 h\u00e9tf\u0151j\u00e9n eml\u00e9kez\u00fcnk meg a k\u00f6rnyezet\u00fcnkben \u00e9l\u0151 sz\u00e9pkor\u00faakr\u00f3l.Ennek megfelel\u0151en int\u00e9zm\u00e9ny\u00fcnkben is m\u00e1r hagyom\u00e1nny\u00e1 v\u00e1lt, hogy \u00e9vente egy alkalommal \u00fcnneps\u00e9get rendez\u00fcnk az\u00e9rt, hogy kifejezz\u00fck h\u00e1l\u00e1nkat, tisztelet\u00fcnket \u00e9s megbecs\u00fcl\u00e9s\u00fcnket azon lak\u00f3k ir\u00e1nt, akik hossz\u00fa \u00e9let munk\u00e1j\u00e1t, tapasztalatait tudj\u00e1k maguk m\u00f6g\u00f6tt. Az \u00fcnneps\u00e9g ideje alatt a k\u00f6sz\u00f6nt\u0151besz\u00e9det [&hellip;]<\/p>\n","protected":false},"author":9,"featured_media":2032,"comment_status":"closed","ping_status":"open","sticky":false,"template":"","format":"standard","meta":{"xn-wppe-expiration":[],"xn-wppe-expiration-action":[],"xn-wppe-expiration-prefix":[],"zakra_page_container_layout":"customizer","zakra_page_sidebar_layout":"customizer","zakra_remove_content_margin":false,"zakra_sidebar":"customizer","zakra_transparent_header":"customizer","zakra_logo":0,"zakra_main_header_style":"default","zakra_menu_item_color":"","zakra_menu_item_hover_color":"","zakra_menu_item_active_color":"","zakra_menu_active_style":"","zakra_page_header":true,"footnotes":""},"categories":[4,32,36],"tags":[9,17],"class_list":["post-2027","post","type-post","status-publish","format-standard","has-post-thumbnail","hentry","category-hir","category-mandala","category-mandalapdf","tag-folyoirat","tag-mandala"],"_links":{"self":[{"href":"https:\/\/www.gotthardotthon.hu\/index.php?rest_route=\/wp\/v2\/posts\/2027","targetHints":{"allow":["GET"]}}],"collection":[{"href":"https:\/\/www.gotthardotthon.hu\/index.php?rest_route=\/wp\/v2\/posts"}],"about":[{"href":"https:\/\/www.gotthardotthon.hu\/index.php?rest_route=\/wp\/v2\/types\/post"}],"author":[{"embeddable":true,"href":"https:\/\/www.gotthardotthon.hu\/index.php?rest_route=\/wp\/v2\/users\/9"}],"replies":[{"embeddable":true,"href":"https:\/\/www.gotthardotthon.hu\/index.php?rest_route=%2Fwp%2Fv2%2Fcomments&post=2027"}],"version-history":[{"count":5,"href":"https:\/\/www.gotthardotthon.hu\/index.php?rest_route=\/wp\/v2\/posts\/2027\/revisions"}],"predecessor-version":[{"id":2034,"href":"https:\/\/www.gotthardotthon.hu\/index.php?rest_route=\/wp\/v2\/posts\/2027\/revisions\/2034"}],"wp:featuredmedia":[{"embeddable":true,"href":"https:\/\/www.gotthardotthon.hu\/index.php?rest_route=\/wp\/v2\/media\/2032"}],"wp:attachment":[{"href":"https:\/\/www.gotthardotthon.hu\/index.php?rest_route=%2Fwp%2Fv2%2Fmedia&parent=2027"}],"wp:term":[{"taxonomy":"category","embeddable":true,"href":"https:\/\/www.gotthardotthon.hu\/index.php?rest_route=%2Fwp%2Fv2%2Fcategories&post=2027"},{"taxonomy":"post_tag","embeddable":true,"href":"https:\/\/www.gotthardotthon.hu\/index.php?rest_route=%2Fwp%2Fv2%2Ftags&post=2027"}],"curies":[{"name":"wp","href":"https:\/\/api.w.org\/{rel}","templated":true}]}}