{"id":2007,"date":"2023-01-18T12:06:45","date_gmt":"2023-01-18T11:06:45","guid":{"rendered":"https:\/\/www.gotthardotthon.hu\/?p=2007"},"modified":"2023-01-18T12:13:26","modified_gmt":"2023-01-18T11:13:26","slug":"xxx-homokszobrasz-fesztival","status":"publish","type":"post","link":"https:\/\/www.gotthardotthon.hu\/?p=2007","title":{"rendered":"XXX. Homokszobr\u00e1sz Fesztiv\u00e1l"},"content":{"rendered":"\n<p><\/p>\n\n\n\n<p>2022. 09. 07. -\u00e9n vett\u00fcnk r\u00e9szt az Alpokalja Szoci\u00e1lis K\u00f6zpont Zsira Telephelye \u00e1ltal imm\u00e1r harmincadik alkalommal megrendezett homokszobr\u00e1sz fesztiv\u00e1lon. Hagyom\u00e1nny\u00e1 v\u00e1lt, hogy int\u00e9zm\u00e9ny\u00fcnk eleget tesz a megh\u00edv\u00e1snak m\u00e1r t\u00f6bbedik \u00e9ve, \u00e9s k\u00e9pviselteti mag\u00e1t ezen a tartalmas programon, napon. A rendezv\u00e9ny t\u00e9m\u00e1jak\u00e9nt a \u201eNy\u00e1ri eml\u00e9kek\u201d-et jel\u00f6lt\u00e9k meg. \u00d6sszesen nyolc dun\u00e1nt\u00fali t\u00e1rsint\u00e9zm\u00e9ny csapata k\u00e9pviseltette mag\u00e1t a programon. A kreativit\u00e1snak ebben az \u00e9vben is csak a csillagos \u00e9g szabott hat\u00e1rt, hisz a balatoni \u00e9lm\u00e9nyekt\u0151l elkezdve a Tihanyi Ap\u00e1ts\u00e1gon kereszt\u00fcl eg\u00e9szen a Soproni L\u0151v\u00e9rekben tett vonatoz\u00e1sig jelentek meg a ny\u00e1ri eml\u00e9kek.<\/p>\n\n\n\n<figure class=\"wp-block-image size-full\"><a href=\"https:\/\/www.gotthardotthon.hu\/wp-content\/uploads\/2023\/01\/XXX.-Homokszobrasz-Fesztival-Kep2-1.jpg\"><img loading=\"lazy\" decoding=\"async\" width=\"731\" height=\"728\" src=\"https:\/\/www.gotthardotthon.hu\/wp-content\/uploads\/2023\/01\/XXX.-Homokszobrasz-Fesztival-Kep2-1.jpg\" alt=\"\" class=\"wp-image-2018\" srcset=\"https:\/\/www.gotthardotthon.hu\/wp-content\/uploads\/2023\/01\/XXX.-Homokszobrasz-Fesztival-Kep2-1.jpg 731w, https:\/\/www.gotthardotthon.hu\/wp-content\/uploads\/2023\/01\/XXX.-Homokszobrasz-Fesztival-Kep2-1-300x300.jpg 300w, https:\/\/www.gotthardotthon.hu\/wp-content\/uploads\/2023\/01\/XXX.-Homokszobrasz-Fesztival-Kep2-1-150x150.jpg 150w\" sizes=\"auto, (max-width: 731px) 100vw, 731px\" \/><\/a><\/figure>\n\n\n\n<p>Int\u00e9zm\u00e9ny\u00fcnk \u00f6t f\u0151s csapata a ny\u00e1ri fagylaltoz\u00e1st v\u00e1lasztotta \u00e9lm\u00e9nyk\u00e9nt, melyet egy nagy, t\u00f6lcs\u00e9res, h\u00e1rom gomb\u00f3cos fagylalttal jelen\u00edtettek meg. Az alkot\u00e1sok elk\u00e9sz\u00fclte \u00e9s az eb\u00e9d ut\u00e1n minden csapat r\u00f6viden bemutathatta alkot\u00e1s\u00e1t. Mi a fagylalt \u00e9rdekes t\u00f6rt\u00e9net\u00e9vel \u00e9s egy k\u00f6z\u00f6s Bikini dallal sz\u00ednes\u00edtett\u00fck a m\u0171v\u00fcnk bemutat\u00e1s\u00e1t.<br>Kora d\u00e9lut\u00e1n kellemesen elf\u00e1radva, \u00e9lm\u00e9nyekkel t\u00f6lt\u0151dve indultunk haza. Rem\u00e9lj\u00fck, hogy j\u00f6v\u0151re is megh\u00edv\u00e1st kapunk a rendezv\u00e9nyre.<\/p>\n\n\n\n<p>KKK., R.M.<\/p>\n","protected":false},"excerpt":{"rendered":"<p>2022. 09. 07. -\u00e9n vett\u00fcnk r\u00e9szt az Alpokalja Szoci\u00e1lis K\u00f6zpont Zsira Telephelye \u00e1ltal imm\u00e1r harmincadik alkalommal megrendezett homokszobr\u00e1sz fesztiv\u00e1lon. Hagyom\u00e1nny\u00e1 v\u00e1lt, hogy int\u00e9zm\u00e9ny\u00fcnk eleget tesz a megh\u00edv\u00e1snak m\u00e1r t\u00f6bbedik \u00e9ve, \u00e9s k\u00e9pviselteti mag\u00e1t ezen a tartalmas programon, napon. A rendezv\u00e9ny t\u00e9m\u00e1jak\u00e9nt a \u201eNy\u00e1ri eml\u00e9kek\u201d-et jel\u00f6lt\u00e9k meg. \u00d6sszesen nyolc dun\u00e1nt\u00fali t\u00e1rsint\u00e9zm\u00e9ny csapata k\u00e9pviseltette mag\u00e1t a programon. [&hellip;]<\/p>\n","protected":false},"author":9,"featured_media":2020,"comment_status":"closed","ping_status":"open","sticky":false,"template":"","format":"standard","meta":{"xn-wppe-expiration":[],"xn-wppe-expiration-action":[],"xn-wppe-expiration-prefix":[],"zakra_page_container_layout":"customizer","zakra_page_sidebar_layout":"customizer","zakra_remove_content_margin":false,"zakra_sidebar":"customizer","zakra_transparent_header":"customizer","zakra_logo":0,"zakra_main_header_style":"default","zakra_menu_item_color":"","zakra_menu_item_hover_color":"","zakra_menu_item_active_color":"","zakra_menu_active_style":"","zakra_page_header":true,"footnotes":""},"categories":[4,32,36],"tags":[9,17],"class_list":["post-2007","post","type-post","status-publish","format-standard","has-post-thumbnail","hentry","category-hir","category-mandala","category-mandalapdf","tag-folyoirat","tag-mandala"],"_links":{"self":[{"href":"https:\/\/www.gotthardotthon.hu\/index.php?rest_route=\/wp\/v2\/posts\/2007","targetHints":{"allow":["GET"]}}],"collection":[{"href":"https:\/\/www.gotthardotthon.hu\/index.php?rest_route=\/wp\/v2\/posts"}],"about":[{"href":"https:\/\/www.gotthardotthon.hu\/index.php?rest_route=\/wp\/v2\/types\/post"}],"author":[{"embeddable":true,"href":"https:\/\/www.gotthardotthon.hu\/index.php?rest_route=\/wp\/v2\/users\/9"}],"replies":[{"embeddable":true,"href":"https:\/\/www.gotthardotthon.hu\/index.php?rest_route=%2Fwp%2Fv2%2Fcomments&post=2007"}],"version-history":[{"count":6,"href":"https:\/\/www.gotthardotthon.hu\/index.php?rest_route=\/wp\/v2\/posts\/2007\/revisions"}],"predecessor-version":[{"id":2019,"href":"https:\/\/www.gotthardotthon.hu\/index.php?rest_route=\/wp\/v2\/posts\/2007\/revisions\/2019"}],"wp:featuredmedia":[{"embeddable":true,"href":"https:\/\/www.gotthardotthon.hu\/index.php?rest_route=\/wp\/v2\/media\/2020"}],"wp:attachment":[{"href":"https:\/\/www.gotthardotthon.hu\/index.php?rest_route=%2Fwp%2Fv2%2Fmedia&parent=2007"}],"wp:term":[{"taxonomy":"category","embeddable":true,"href":"https:\/\/www.gotthardotthon.hu\/index.php?rest_route=%2Fwp%2Fv2%2Fcategories&post=2007"},{"taxonomy":"post_tag","embeddable":true,"href":"https:\/\/www.gotthardotthon.hu\/index.php?rest_route=%2Fwp%2Fv2%2Ftags&post=2007"}],"curies":[{"name":"wp","href":"https:\/\/api.w.org\/{rel}","templated":true}]}}