{"id":1240,"date":"2020-06-08T08:41:31","date_gmt":"2020-06-08T07:41:31","guid":{"rendered":"https:\/\/www.gotthardotthon.hu\/?p=1240"},"modified":"2021-04-30T18:45:21","modified_gmt":"2021-04-30T17:45:21","slug":"tajekoztatas-a-latogatas-rendjerol","status":"publish","type":"post","link":"https:\/\/www.gotthardotthon.hu\/?p=1240","title":{"rendered":"Teljes int\u00e9zm\u00e9ny elhagy\u00e1si \u00e9s l\u00e1togat\u00e1si tilalom"},"content":{"rendered":"\n<div class=\"wp-block-group is-layout-flow wp-block-group-is-layout-flow\"><div class=\"wp-block-group__inner-container\"><\/div><\/div>\n\n\n\n<p>A Nemzeti N\u00e9peg\u00e9szs\u00e9g\u00fcgyi K\u00f6zpont 42935-2\/2020\/E\u00dcIG sz. hat\u00e1rozata szerint a COVID-19 j\u00e1rv\u00e1ny II. hull\u00e1m\u00e1ban a fert\u0151z\u00e9s behurcol\u00e1s\u00e1nak megel\u0151z\u00e9se \u00e9rdek\u00e9ben az int\u00e9zm\u00e9ny ell\u00e1tottjaira vonatkoz\u00f3an<\/p>\n\n\n\n<p class=\"has-text-align-center has-white-color has-vivid-red-background-color has-text-color has-background\"> <strong>teljes<\/strong> <strong>int\u00e9zm\u00e9ny elhagy\u00e1si \u00e9s l\u00e1togat\u00e1si tilalmat rendelek el.<\/strong><\/p>\n\n\n\n<p>Az int\u00e9zm\u00e9nyt kiz\u00e1r\u00f3lag az int\u00e9zm\u00e9ny \u00e1ltal szervezett, fel\u00fcgyelet melletti, csoportos s\u00e9t\u00e1k alkalm\u00e1val hagyhatj\u00e1k el az ell\u00e1tottak.<\/p>\n\n\n\n<p>A l\u00e1togat\u00e1si tilalom al\u00f3li mentess\u00e9g kiz\u00e1r\u00f3lag v\u00e9gst\u00e1diumban l\u00e9v\u0151 ell\u00e1tott\u00f3l val\u00f3 elb\u00facs\u00faz\u00e1s esetre adhat\u00f3.<\/p>\n\n\n\n<p>Az ell\u00e1tottak kapcsolattart\u00e1s\u00e1t (telefonos, elektronikus, ill. postai \u00faton) az int\u00e9zm\u00e9ny munkat\u00e1rsai seg\u00edtik. A postai, ill. fut\u00e1rszolg\u00e1lat \u00fatj\u00e1n \u00e9rkez\u0151 csomagok fert\u0151tlen\u00edt\u00e9st k\u00f6vet\u0151en ker\u00fclhetnek \u00e1tad\u00e1sra az ell\u00e1tottak sz\u00e1m\u00e1ra.<\/p>\n\n\n\n<p>A <strong>Lak\u00f3otthonban<\/strong> \u00e9l\u0151 ell\u00e1tottakra vonatkoz\u00f3an a k\u00f6vetkez\u0151 korl\u00e1toz\u00e1st rendelem el:<\/p>\n\n\n\n<p>Az ell\u00e1tottak a sz\u00e9khely int\u00e9zm\u00e9ny ter\u00fclet\u00e9re a korl\u00e1toz\u00e1s ideje alatt nem l\u00e9phetnek be. Kiv\u00e9telt k\u00e9pez az eg\u00e9szs\u00e9g\u00fcgyi ell\u00e1t\u00e1s sz\u00fcks\u00e9gess\u00e9ge. A korl\u00e1toz\u00e1s ideje alatt a lak\u00f3otthont nem hagyhatj\u00e1k el, munkav\u00e9gz\u00e9s\u00fcket a lak\u00f3otthon ter\u00fclet\u00e9n v\u00e9gzik.<\/p>\n\n\n\n<p>L\u00e1togat\u00f3 fogad\u00e1sa a lak\u00f3otthonban nem lehets\u00e9ges.<\/p>\n\n\n\n<p><strong><em>Szentgotth\u00e1rd, 2020. szeptember 8.<\/em><\/strong><\/p>\n\n\n\n<p class=\"has-text-align-right\"><strong>Tak\u00e1csn\u00e9 Hargitai Be\u00e1ta<\/strong><br>mb.int\u00e9zm\u00e9nyvezet\u0151<\/p>\n","protected":false},"excerpt":{"rendered":"<p>A Nemzeti N\u00e9peg\u00e9szs\u00e9g\u00fcgyi K\u00f6zpont 42935-2\/2020\/E\u00dcIG sz. hat\u00e1rozata szerint a COVID-19 j\u00e1rv\u00e1ny II. hull\u00e1m\u00e1ban a fert\u0151z\u00e9s behurcol\u00e1s\u00e1nak megel\u0151z\u00e9se \u00e9rdek\u00e9ben az int\u00e9zm\u00e9ny ell\u00e1tottjaira vonatkoz\u00f3an teljes int\u00e9zm\u00e9ny elhagy\u00e1si \u00e9s l\u00e1togat\u00e1si tilalmat rendelek el. Az int\u00e9zm\u00e9nyt kiz\u00e1r\u00f3lag az int\u00e9zm\u00e9ny \u00e1ltal szervezett, fel\u00fcgyelet melletti, csoportos s\u00e9t\u00e1k alkalm\u00e1val hagyhatj\u00e1k el az ell\u00e1tottak. A l\u00e1togat\u00e1si tilalom al\u00f3li mentess\u00e9g kiz\u00e1r\u00f3lag v\u00e9gst\u00e1diumban l\u00e9v\u0151 ell\u00e1tott\u00f3l [&hellip;]<\/p>\n","protected":false},"author":9,"featured_media":0,"comment_status":"closed","ping_status":"closed","sticky":false,"template":"","format":"standard","meta":{"xn-wppe-expiration":[],"xn-wppe-expiration-action":[],"xn-wppe-expiration-prefix":[],"zakra_page_container_layout":"customizer","zakra_page_sidebar_layout":"customizer","zakra_remove_content_margin":false,"zakra_sidebar":"customizer","zakra_transparent_header":"customizer","zakra_logo":0,"zakra_main_header_style":"default","zakra_menu_item_color":"","zakra_menu_item_hover_color":"","zakra_menu_item_active_color":"","zakra_menu_active_style":"","zakra_page_header":true,"footnotes":""},"categories":[4],"tags":[],"class_list":["post-1240","post","type-post","status-publish","format-standard","hentry","category-hir"],"_links":{"self":[{"href":"https:\/\/www.gotthardotthon.hu\/index.php?rest_route=\/wp\/v2\/posts\/1240","targetHints":{"allow":["GET"]}}],"collection":[{"href":"https:\/\/www.gotthardotthon.hu\/index.php?rest_route=\/wp\/v2\/posts"}],"about":[{"href":"https:\/\/www.gotthardotthon.hu\/index.php?rest_route=\/wp\/v2\/types\/post"}],"author":[{"embeddable":true,"href":"https:\/\/www.gotthardotthon.hu\/index.php?rest_route=\/wp\/v2\/users\/9"}],"replies":[{"embeddable":true,"href":"https:\/\/www.gotthardotthon.hu\/index.php?rest_route=%2Fwp%2Fv2%2Fcomments&post=1240"}],"version-history":[{"count":22,"href":"https:\/\/www.gotthardotthon.hu\/index.php?rest_route=\/wp\/v2\/posts\/1240\/revisions"}],"predecessor-version":[{"id":1281,"href":"https:\/\/www.gotthardotthon.hu\/index.php?rest_route=\/wp\/v2\/posts\/1240\/revisions\/1281"}],"wp:attachment":[{"href":"https:\/\/www.gotthardotthon.hu\/index.php?rest_route=%2Fwp%2Fv2%2Fmedia&parent=1240"}],"wp:term":[{"taxonomy":"category","embeddable":true,"href":"https:\/\/www.gotthardotthon.hu\/index.php?rest_route=%2Fwp%2Fv2%2Fcategories&post=1240"},{"taxonomy":"post_tag","embeddable":true,"href":"https:\/\/www.gotthardotthon.hu\/index.php?rest_route=%2Fwp%2Fv2%2Ftags&post=1240"}],"curies":[{"name":"wp","href":"https:\/\/api.w.org\/{rel}","templated":true}]}}